{"id":301,"date":"2019-11-01T21:57:50","date_gmt":"2019-11-02T00:57:50","guid":{"rendered":"http:\/\/megaisencoes-com-br.umbler.net\/blog\/?p=301"},"modified":"2020-12-07T17:44:33","modified_gmt":"2020-12-07T20:44:33","slug":"mental-severa-ou-profunda","status":"publish","type":"post","link":"https:\/\/www.megaisencoes.com.br\/blog\/mental-severa-ou-profunda\/","title":{"rendered":"MENTAL SEVERA OU PROFUNDA"},"content":{"rendered":"\t\t<div data-elementor-type=\"wp-post\" data-elementor-id=\"301\" class=\"elementor elementor-301\" data-elementor-settings=\"[]\">\n\t\t\t\t\t\t<div class=\"elementor-inner\">\n\t\t\t\t\t\t\t<div class=\"elementor-section-wrap\">\n\t\t\t\t\t\t\t<section class=\"elementor-section elementor-top-section elementor-element elementor-element-4602ab89 elementor-section-boxed elementor-section-height-default elementor-section-height-default\" data-id=\"4602ab89\" data-element_type=\"section\">\n\t\t\t\t\t\t<div class=\"elementor-container elementor-column-gap-default\">\n\t\t\t\t\t\t\t<div class=\"elementor-row\">\n\t\t\t\t\t<div class=\"elementor-column elementor-col-100 elementor-top-column elementor-element elementor-element-3711648\" data-id=\"3711648\" data-element_type=\"column\">\n\t\t\t<div class=\"elementor-column-wrap elementor-element-populated\">\n\t\t\t\t\t\t\t<div class=\"elementor-widget-wrap\">\n\t\t\t\t\t\t<div class=\"elementor-element elementor-element-7032a1a7 elementor-widget elementor-widget-text-editor\" data-id=\"7032a1a7\" data-element_type=\"widget\" data-widget_type=\"text-editor.default\">\n\t\t\t\t<div class=\"elementor-widget-container\">\n\t\t\t\t\t<div class=\"elementor-text-editor elementor-clearfix\"><!-- wp:paragraph -->\n<p>Conforme o mais recente levantamento demogr\u00e1fico realizado pelo IBGE o Brasil apresenta quase 47 milh\u00f5es de pessoas com limita\u00e7\u00f5es. Dentre elas, algumas exibem algum grau de restri\u00e7\u00e3o mental severa ou profunda.<\/p><\/div><\/div><\/div><\/div><\/div><\/div><\/div><\/div><\/section><\/div><\/div><\/div> <a href=\"https:\/\/www.megaisencoes.com.br\/blog\/mental-severa-ou-profunda\/#more-301\" class=\"more-link elementor-more-link\"><span aria-label=\"Continue lendo MENTAL SEVERA OU PROFUNDA\">(mais&hellip;)<\/span><\/a>","protected":false},"excerpt":{"rendered":"<p>Conforme o mais recente levantamento demogr\u00e1fico realizado pelo IBGE o Brasil apresenta quase 47 milh\u00f5es de pessoas com limita\u00e7\u00f5es. Dentre elas, algumas exibem algum grau de restri\u00e7\u00e3o mental severa ou&#8230;<\/p>\n","protected":false},"author":1,"featured_media":314,"comment_status":"closed","ping_status":"closed","sticky":false,"template":"","format":"standard","meta":[],"categories":[5],"tags":[],"yoast_head":"<!-- This site is optimized with the Yoast SEO plugin v15.5 - https:\/\/yoast.com\/wordpress\/plugins\/seo\/ -->\n<title>MENTAL SEVERA OU PROFUNDA - Mega Isen\u00e7\u00f5es<\/title>\n<meta name=\"robots\" content=\"index, follow, max-snippet:-1, max-image-preview:large, max-video-preview:-1\" \/>\n<link rel=\"canonical\" href=\"https:\/\/www.megaisencoes.com.br\/blog\/mental-severa-ou-profunda\/\" \/>\n<meta property=\"og:locale\" content=\"pt_BR\" \/>\n<meta property=\"og:type\" content=\"article\" \/>\n<meta property=\"og:title\" content=\"MENTAL SEVERA OU PROFUNDA - Mega Isen\u00e7\u00f5es\" \/>\n<meta property=\"og:description\" content=\"Conforme o mais recente levantamento demogr\u00e1fico realizado pelo IBGE o Brasil apresenta quase 47 milh\u00f5es de pessoas com limita\u00e7\u00f5es. Dentre elas, algumas exibem algum grau de restri\u00e7\u00e3o mental severa ou...\" \/>\n<meta property=\"og:url\" content=\"https:\/\/www.megaisencoes.com.br\/blog\/mental-severa-ou-profunda\/\" \/>\n<meta property=\"og:site_name\" content=\"Mega Isen\u00e7\u00f5es\" \/>\n<meta property=\"article:published_time\" content=\"2019-11-02T00:57:50+00:00\" \/>\n<meta property=\"article:modified_time\" content=\"2020-12-07T20:44:33+00:00\" \/>\n<meta name=\"twitter:card\" content=\"summary_large_image\" \/>\n<meta name=\"twitter:label1\" content=\"Est. reading time\">\n\t<meta name=\"twitter:data1\" content=\"1 minuto\">\n<script type=\"application\/ld+json\" class=\"yoast-schema-graph\">{\"@context\":\"https:\/\/schema.org\",\"@graph\":[{\"@type\":\"WebSite\",\"@id\":\"https:\/\/www.megaisencoes.com.br\/blog\/#website\",\"url\":\"https:\/\/www.megaisencoes.com.br\/blog\/\",\"name\":\"Mega Isen\\u00e7\\u00f5es\",\"description\":\"\",\"potentialAction\":[{\"@type\":\"SearchAction\",\"target\":\"https:\/\/www.megaisencoes.com.br\/blog\/?s={search_term_string}\",\"query-input\":\"required name=search_term_string\"}],\"inLanguage\":\"pt-BR\"},{\"@type\":\"ImageObject\",\"@id\":\"https:\/\/www.megaisencoes.com.br\/blog\/mental-severa-ou-profunda\/#primaryimage\",\"inLanguage\":\"pt-BR\",\"url\":\"\"},{\"@type\":\"WebPage\",\"@id\":\"https:\/\/www.megaisencoes.com.br\/blog\/mental-severa-ou-profunda\/#webpage\",\"url\":\"https:\/\/www.megaisencoes.com.br\/blog\/mental-severa-ou-profunda\/\",\"name\":\"MENTAL SEVERA OU PROFUNDA - Mega Isen\\u00e7\\u00f5es\",\"isPartOf\":{\"@id\":\"https:\/\/www.megaisencoes.com.br\/blog\/#website\"},\"primaryImageOfPage\":{\"@id\":\"https:\/\/www.megaisencoes.com.br\/blog\/mental-severa-ou-profunda\/#primaryimage\"},\"datePublished\":\"2019-11-02T00:57:50+00:00\",\"dateModified\":\"2020-12-07T20:44:33+00:00\",\"author\":{\"@id\":\"https:\/\/www.megaisencoes.com.br\/blog\/#\/schema\/person\/aa4c3d5e37a32ea53b7db5ee7e344447\"},\"inLanguage\":\"pt-BR\",\"potentialAction\":[{\"@type\":\"ReadAction\",\"target\":[\"https:\/\/www.megaisencoes.com.br\/blog\/mental-severa-ou-profunda\/\"]}]},{\"@type\":\"Person\",\"@id\":\"https:\/\/www.megaisencoes.com.br\/blog\/#\/schema\/person\/aa4c3d5e37a32ea53b7db5ee7e344447\",\"name\":\"leandro\",\"image\":{\"@type\":\"ImageObject\",\"@id\":\"https:\/\/www.megaisencoes.com.br\/blog\/#personlogo\",\"inLanguage\":\"pt-BR\",\"url\":\"https:\/\/secure.gravatar.com\/avatar\/b07b14db293c4e66aba06a12734e39df?s=96&d=mm&r=g\",\"caption\":\"leandro\"},\"sameAs\":[\"https:\/\/www.megaisencoes.com.br\/blog\"]}]}<\/script>\n<!-- \/ Yoast SEO plugin. -->","_links":{"self":[{"href":"https:\/\/www.megaisencoes.com.br\/blog\/wp-json\/wp\/v2\/posts\/301"}],"collection":[{"href":"https:\/\/www.megaisencoes.com.br\/blog\/wp-json\/wp\/v2\/posts"}],"about":[{"href":"https:\/\/www.megaisencoes.com.br\/blog\/wp-json\/wp\/v2\/types\/post"}],"author":[{"embeddable":true,"href":"https:\/\/www.megaisencoes.com.br\/blog\/wp-json\/wp\/v2\/users\/1"}],"replies":[{"embeddable":true,"href":"https:\/\/www.megaisencoes.com.br\/blog\/wp-json\/wp\/v2\/comments?post=301"}],"version-history":[{"count":1,"href":"https:\/\/www.megaisencoes.com.br\/blog\/wp-json\/wp\/v2\/posts\/301\/revisions"}],"predecessor-version":[{"id":589,"href":"https:\/\/www.megaisencoes.com.br\/blog\/wp-json\/wp\/v2\/posts\/301\/revisions\/589"}],"wp:featuredmedia":[{"embeddable":true,"href":"https:\/\/www.megaisencoes.com.br\/blog\/wp-json\/wp\/v2\/media\/314"}],"wp:attachment":[{"href":"https:\/\/www.megaisencoes.com.br\/blog\/wp-json\/wp\/v2\/media?parent=301"}],"wp:term":[{"taxonomy":"category","embeddable":true,"href":"https:\/\/www.megaisencoes.com.br\/blog\/wp-json\/wp\/v2\/categories?post=301"},{"taxonomy":"post_tag","embeddable":true,"href":"https:\/\/www.megaisencoes.com.br\/blog\/wp-json\/wp\/v2\/tags?post=301"}],"curies":[{"name":"wp","href":"https:\/\/api.w.org\/{rel}","templated":true}]}}